{"id":4750,"date":"2022-02-17T00:00:00","date_gmt":"2022-02-17T00:00:00","guid":{"rendered":"https:\/\/trocellen-dev.local\/nicht-kategorisiert\/der-zusammenhang-zwischen-schaumfarbe-und-raumgewicht-2\/"},"modified":"2025-09-12T07:21:00","modified_gmt":"2025-09-12T07:21:00","slug":"der-zusammenhang-zwischen-schaumfarbe-und-raumgewicht","status":"publish","type":"post","link":"https:\/\/trocellen.com\/de\/lexikon\/der-zusammenhang-zwischen-schaumfarbe-und-raumgewicht\/","title":{"rendered":"Der Zusammenhang zwischen Schaumfarbe und Raumgewicht"},"content":{"rendered":"\n<section class=\"col-content bg-gray-200 \">\n    <div class=\"container\">\n        <div class=\"general-content\">\n            \n            <div class=\"flex flex-col tablet:flex-col gap-small items-start\">\n                <div class=\"flex-1 w-full\">\n                    Der Grund f\u00fcr dieses Ph\u00e4nomen liegt darin, dass die zum F\u00e4rben verwendeten Pigmente sehr kleine Teilchen sind und der Abstand zwischen den Teilchen bestimmt, wie intensiv eine Farbe ist. Bei einem gro\u00dfen Abstand ist die Farbe blasser und heller, und bei einem kleinen Abstand \u2013 dunkler und intensiver. Beim Aufsch\u00e4umen wird das Kunststoffmaterial ausgedehnt, und die Pigmente entfernen sich aufgrund der Volumenvergr\u00f6\u00dferung voneinander. Bei einem Schaumstoff mit einem Raumgewicht von 30 kg\/m3 ist dann der Abstand der einzelnen Farbpigmente voneinander gr\u00f6\u00dfer als bei einem Schaumstoff mit einem Raumgewicht von 100 kg\/m3.                <\/div>\n\n                <div class=\"flex-1\">\n                                    <\/div>\n            <\/div>\n\n        <\/div>\n    <\/div>\n<\/section>","protected":false},"excerpt":{"rendered":"<p>Die Intensit\u00e4t der Farbe eines Schaumstoffes h\u00e4ngt stark von seinem Raumgewicht ab. Typischerweise fallen die Farben bei einem Schaumstoff mit niedrigem Raumgewicht (z. B. 30 kg\/m3) blasser und heller aus als bei einem Schaumstoff mit h\u00f6herem Raumgewicht (z. B. 100 kg\/m3). Wenn eine Farbe auf die Pantone-Palette abgestimmt wird, muss deshalb der gew\u00fcnschte Dichtebereich ber\u00fccksichtigt werden.<\/p>\n","protected":false},"author":1,"featured_media":0,"comment_status":"closed","ping_status":"closed","sticky":false,"template":"","format":"standard","meta":{"_acf_changed":false,"footnotes":""},"categories":[37],"class_list":["post-4750","post","type-post","status-publish","format-standard","hentry","category-lexikon"],"acf":[],"yoast_head":"<!-- This site is optimized with the Yoast SEO plugin v25.9 - https:\/\/yoast.com\/wordpress\/plugins\/seo\/ -->\n<title>Der Zusammenhang zwischen Schaumfarbe und Raumgewicht - Trocellen, the European polyolefin foam solution provider<\/title>\n<meta name=\"robots\" content=\"index, follow, max-snippet:-1, max-image-preview:large, max-video-preview:-1\" \/>\n<link rel=\"canonical\" href=\"https:\/\/trocellen.com\/foam-compass\/the-connection-between-foam-color-and-density\/\" \/>\n<meta property=\"og:locale\" content=\"de_DE\" \/>\n<meta property=\"og:type\" content=\"article\" \/>\n<meta property=\"og:title\" content=\"Der Zusammenhang zwischen Schaumfarbe und Raumgewicht - Trocellen, the European polyolefin foam solution provider\" \/>\n<meta property=\"og:description\" content=\"Die Intensit\u00e4t der Farbe eines Schaumstoffes h\u00e4ngt stark von seinem Raumgewicht ab. Typischerweise fallen die Farben bei einem Schaumstoff mit niedrigem Raumgewicht (z. B. 30 kg\/m3) blasser und heller aus als bei einem Schaumstoff mit h\u00f6herem Raumgewicht (z. B. 100 kg\/m3). Wenn eine Farbe auf die Pantone-Palette abgestimmt wird, muss deshalb der gew\u00fcnschte Dichtebereich ber\u00fccksichtigt werden.\" \/>\n<meta property=\"og:url\" content=\"https:\/\/trocellen.com\/foam-compass\/the-connection-between-foam-color-and-density\/\" \/>\n<meta property=\"og:site_name\" content=\"Trocellen, the European polyolefin foam solution provider\" \/>\n<meta property=\"article:published_time\" content=\"2022-02-17T00:00:00+00:00\" \/>\n<meta property=\"article:modified_time\" content=\"2025-09-12T07:21:00+00:00\" \/>\n<meta name=\"author\" content=\"laszlo.mate\" \/>\n<meta name=\"twitter:card\" content=\"summary_large_image\" \/>\n<meta name=\"twitter:label1\" content=\"Verfasst von\" \/>\n\t<meta name=\"twitter:data1\" content=\"laszlo.mate\" \/>\n<script type=\"application\/ld+json\" class=\"yoast-schema-graph\">{\"@context\":\"https:\/\/schema.org\",\"@graph\":[{\"@type\":\"WebPage\",\"@id\":\"https:\/\/trocellen.com\/foam-compass\/the-connection-between-foam-color-and-density\/\",\"url\":\"https:\/\/trocellen.com\/foam-compass\/the-connection-between-foam-color-and-density\/\",\"name\":\"Der Zusammenhang zwischen Schaumfarbe und Raumgewicht - Trocellen, the European polyolefin foam solution provider\",\"isPartOf\":{\"@id\":\"https:\/\/trocellen.com\/#website\"},\"datePublished\":\"2022-02-17T00:00:00+00:00\",\"dateModified\":\"2025-09-12T07:21:00+00:00\",\"author\":{\"@id\":\"https:\/\/trocellen.com\/#\/schema\/person\/16bafcc9086f568dca7ff3ae0af60d59\"},\"breadcrumb\":{\"@id\":\"https:\/\/trocellen.com\/foam-compass\/the-connection-between-foam-color-and-density\/#breadcrumb\"},\"inLanguage\":\"de\",\"potentialAction\":[{\"@type\":\"ReadAction\",\"target\":[\"https:\/\/trocellen.com\/foam-compass\/the-connection-between-foam-color-and-density\/\"]}]},{\"@type\":\"BreadcrumbList\",\"@id\":\"https:\/\/trocellen.com\/foam-compass\/the-connection-between-foam-color-and-density\/#breadcrumb\",\"itemListElement\":[{\"@type\":\"ListItem\",\"position\":1,\"name\":\"Home\",\"item\":\"https:\/\/trocellen.com\/de\/\"},{\"@type\":\"ListItem\",\"position\":2,\"name\":\"Der Zusammenhang zwischen Schaumfarbe und Raumgewicht\"}]},{\"@type\":\"WebSite\",\"@id\":\"https:\/\/trocellen.com\/#website\",\"url\":\"https:\/\/trocellen.com\/\",\"name\":\"Trocellen, the European polyolefin foam solution provider\",\"description\":\"TROCELLEN\u00ae is a leading manufacturer of chemically and physically cross-linked polyolefin and rubber foam solutions\",\"potentialAction\":[{\"@type\":\"SearchAction\",\"target\":{\"@type\":\"EntryPoint\",\"urlTemplate\":\"https:\/\/trocellen.com\/?s={search_term_string}\"},\"query-input\":{\"@type\":\"PropertyValueSpecification\",\"valueRequired\":true,\"valueName\":\"search_term_string\"}}],\"inLanguage\":\"de\"},{\"@type\":\"Person\",\"@id\":\"https:\/\/trocellen.com\/#\/schema\/person\/16bafcc9086f568dca7ff3ae0af60d59\",\"name\":\"laszlo.mate\",\"image\":{\"@type\":\"ImageObject\",\"inLanguage\":\"de\",\"@id\":\"https:\/\/trocellen.com\/#\/schema\/person\/image\/\",\"url\":\"https:\/\/secure.gravatar.com\/avatar\/4d0e024bd79c30c539aa06e99d63caf0bc3a8e429d3ce18acd70dd2c29fb65df?s=96&d=mm&r=g\",\"contentUrl\":\"https:\/\/secure.gravatar.com\/avatar\/4d0e024bd79c30c539aa06e99d63caf0bc3a8e429d3ce18acd70dd2c29fb65df?s=96&d=mm&r=g\",\"caption\":\"laszlo.mate\"},\"sameAs\":[\"https:\/\/trocellen-dev.local\"],\"url\":\"https:\/\/trocellen.com\/de\/author\/laszlo-mate\/\"}]}<\/script>\n<!-- \/ Yoast SEO plugin. -->","yoast_head_json":{"title":"Der Zusammenhang zwischen Schaumfarbe und Raumgewicht - Trocellen, the European polyolefin foam solution provider","robots":{"index":"index","follow":"follow","max-snippet":"max-snippet:-1","max-image-preview":"max-image-preview:large","max-video-preview":"max-video-preview:-1"},"canonical":"https:\/\/trocellen.com\/foam-compass\/the-connection-between-foam-color-and-density\/","og_locale":"de_DE","og_type":"article","og_title":"Der Zusammenhang zwischen Schaumfarbe und Raumgewicht - Trocellen, the European polyolefin foam solution provider","og_description":"Die Intensit\u00e4t der Farbe eines Schaumstoffes h\u00e4ngt stark von seinem Raumgewicht ab. Typischerweise fallen die Farben bei einem Schaumstoff mit niedrigem Raumgewicht (z. B. 30 kg\/m3) blasser und heller aus als bei einem Schaumstoff mit h\u00f6herem Raumgewicht (z. B. 100 kg\/m3). Wenn eine Farbe auf die Pantone-Palette abgestimmt wird, muss deshalb der gew\u00fcnschte Dichtebereich ber\u00fccksichtigt werden.","og_url":"https:\/\/trocellen.com\/foam-compass\/the-connection-between-foam-color-and-density\/","og_site_name":"Trocellen, the European polyolefin foam solution provider","article_published_time":"2022-02-17T00:00:00+00:00","article_modified_time":"2025-09-12T07:21:00+00:00","author":"laszlo.mate","twitter_card":"summary_large_image","twitter_misc":{"Verfasst von":"laszlo.mate"},"schema":{"@context":"https:\/\/schema.org","@graph":[{"@type":"WebPage","@id":"https:\/\/trocellen.com\/foam-compass\/the-connection-between-foam-color-and-density\/","url":"https:\/\/trocellen.com\/foam-compass\/the-connection-between-foam-color-and-density\/","name":"Der Zusammenhang zwischen Schaumfarbe und Raumgewicht - Trocellen, the European polyolefin foam solution provider","isPartOf":{"@id":"https:\/\/trocellen.com\/#website"},"datePublished":"2022-02-17T00:00:00+00:00","dateModified":"2025-09-12T07:21:00+00:00","author":{"@id":"https:\/\/trocellen.com\/#\/schema\/person\/16bafcc9086f568dca7ff3ae0af60d59"},"breadcrumb":{"@id":"https:\/\/trocellen.com\/foam-compass\/the-connection-between-foam-color-and-density\/#breadcrumb"},"inLanguage":"de","potentialAction":[{"@type":"ReadAction","target":["https:\/\/trocellen.com\/foam-compass\/the-connection-between-foam-color-and-density\/"]}]},{"@type":"BreadcrumbList","@id":"https:\/\/trocellen.com\/foam-compass\/the-connection-between-foam-color-and-density\/#breadcrumb","itemListElement":[{"@type":"ListItem","position":1,"name":"Home","item":"https:\/\/trocellen.com\/de\/"},{"@type":"ListItem","position":2,"name":"Der Zusammenhang zwischen Schaumfarbe und Raumgewicht"}]},{"@type":"WebSite","@id":"https:\/\/trocellen.com\/#website","url":"https:\/\/trocellen.com\/","name":"Trocellen, the European polyolefin foam solution provider","description":"TROCELLEN\u00ae is a leading manufacturer of chemically and physically cross-linked polyolefin and rubber foam solutions","potentialAction":[{"@type":"SearchAction","target":{"@type":"EntryPoint","urlTemplate":"https:\/\/trocellen.com\/?s={search_term_string}"},"query-input":{"@type":"PropertyValueSpecification","valueRequired":true,"valueName":"search_term_string"}}],"inLanguage":"de"},{"@type":"Person","@id":"https:\/\/trocellen.com\/#\/schema\/person\/16bafcc9086f568dca7ff3ae0af60d59","name":"laszlo.mate","image":{"@type":"ImageObject","inLanguage":"de","@id":"https:\/\/trocellen.com\/#\/schema\/person\/image\/","url":"https:\/\/secure.gravatar.com\/avatar\/4d0e024bd79c30c539aa06e99d63caf0bc3a8e429d3ce18acd70dd2c29fb65df?s=96&d=mm&r=g","contentUrl":"https:\/\/secure.gravatar.com\/avatar\/4d0e024bd79c30c539aa06e99d63caf0bc3a8e429d3ce18acd70dd2c29fb65df?s=96&d=mm&r=g","caption":"laszlo.mate"},"sameAs":["https:\/\/trocellen-dev.local"],"url":"https:\/\/trocellen.com\/de\/author\/laszlo-mate\/"}]}},"_links":{"self":[{"href":"https:\/\/trocellen.com\/de\/wp-json\/wp\/v2\/posts\/4750","targetHints":{"allow":["GET"]}}],"collection":[{"href":"https:\/\/trocellen.com\/de\/wp-json\/wp\/v2\/posts"}],"about":[{"href":"https:\/\/trocellen.com\/de\/wp-json\/wp\/v2\/types\/post"}],"author":[{"embeddable":true,"href":"https:\/\/trocellen.com\/de\/wp-json\/wp\/v2\/users\/1"}],"replies":[{"embeddable":true,"href":"https:\/\/trocellen.com\/de\/wp-json\/wp\/v2\/comments?post=4750"}],"version-history":[{"count":2,"href":"https:\/\/trocellen.com\/de\/wp-json\/wp\/v2\/posts\/4750\/revisions"}],"predecessor-version":[{"id":12178,"href":"https:\/\/trocellen.com\/de\/wp-json\/wp\/v2\/posts\/4750\/revisions\/12178"}],"wp:attachment":[{"href":"https:\/\/trocellen.com\/de\/wp-json\/wp\/v2\/media?parent=4750"}],"wp:term":[{"taxonomy":"category","embeddable":true,"href":"https:\/\/trocellen.com\/de\/wp-json\/wp\/v2\/categories?post=4750"}],"curies":[{"name":"wp","href":"https:\/\/api.w.org\/{rel}","templated":true}]}}